{"id":12642,"date":"2023-11-13T13:42:34","date_gmt":"2023-11-13T12:42:34","guid":{"rendered":"https:\/\/www.masinterieur.nl\/?p=12642"},"modified":"2023-11-13T14:03:46","modified_gmt":"2023-11-13T13:03:46","slug":"design-passage","status":"publish","type":"post","link":"https:\/\/www.masinterieur.nl\/en\/design-passage\/","title":{"rendered":"Design passage"},"content":{"rendered":"<p><img loading=\"lazy\" decoding=\"async\" class=\"size-medium wp-image-12626 alignleft\" src=\"https:\/\/masinterieur.nl\/wp-content\/uploads\/2023\/11\/Scherm\u00adafbeelding-2023-11-13-om-08.39.43-300x212.png\" alt=\"\" width=\"300\" height=\"212\" srcset=\"https:\/\/www.masinterieur.nl\/wp-content\/uploads\/2023\/11\/Scherm\u00adafbeelding-2023-11-13-om-08.39.43-300x212.png 300w, https:\/\/www.masinterieur.nl\/wp-content\/uploads\/2023\/11\/Scherm\u00adafbeelding-2023-11-13-om-08.39.43-600x424.png 600w, https:\/\/www.masinterieur.nl\/wp-content\/uploads\/2023\/11\/Scherm\u00adafbeelding-2023-11-13-om-08.39.43-960x679.png 960w, https:\/\/www.masinterieur.nl\/wp-content\/uploads\/2023\/11\/Scherm\u00adafbeelding-2023-11-13-om-08.39.43-150x106.png 150w, https:\/\/www.masinterieur.nl\/wp-content\/uploads\/2023\/11\/Scherm\u00adafbeelding-2023-11-13-om-08.39.43-768x543.png 768w, https:\/\/www.masinterieur.nl\/wp-content\/uploads\/2023\/11\/Scherm\u00adafbeelding-2023-11-13-om-08.39.43-1536x1086.png 1536w, https:\/\/www.masinterieur.nl\/wp-content\/uploads\/2023\/11\/Scherm\u00adafbeelding-2023-11-13-om-08.39.43-2048x1449.png 2048w, https:\/\/www.masinterieur.nl\/wp-content\/uploads\/2023\/11\/Scherm\u00adafbeelding-2023-11-13-om-08.39.43-226x160.png 226w\" sizes=\"auto, (max-width: 300px) 100vw, 300px\" \/><\/p>\n<p>&#8220;Design Passage&#8221;\u00a0 \u00a0is het nieuwe 3daags internationaal festival waar jonge designers, makers en merken hun werk laten zien en verkopen. Tegelijkertijd is er in de winkel bij MASinterieur het Jean Prouv\u00e9 Caf\u00e9, waar u gezellig wat kan komen drinken en u laten inspireren door de prachtige ontwerpen van Jean Prouv\u00e9 en vele anderen waaronder ook\u00a0 &#8220;I Maestri&#8221; van Vitra!<\/p>\n","protected":false},"excerpt":{"rendered":"<p>&#8220;Design Passage&#8221;\u00a0 \u00a0is het nieuwe 3daags internationaal festival waar jonge designers, makers en merken hun werk laten zien en verkopen. Tegelijkertijd is er in de winkel bij MASinterieur het Jean Prouv\u00e9 Caf\u00e9, waar u gezellig wat kan komen drinken en u laten inspireren door de prachtige ontwerpen van Jean Prouv\u00e9 en vele anderen waaronder ook\u00a0&hellip;<\/p>\n","protected":false},"author":11,"featured_media":12626,"comment_status":"closed","ping_status":"closed","sticky":false,"template":"","format":"standard","meta":{"wds_primary_category":0,"footnotes":""},"categories":[1],"tags":[],"class_list":["post-12642","post","type-post","status-publish","format-standard","has-post-thumbnail","hentry","category-geen-categorie"],"_links":{"self":[{"href":"https:\/\/www.masinterieur.nl\/en\/wp-json\/wp\/v2\/posts\/12642","targetHints":{"allow":["GET"]}}],"collection":[{"href":"https:\/\/www.masinterieur.nl\/en\/wp-json\/wp\/v2\/posts"}],"about":[{"href":"https:\/\/www.masinterieur.nl\/en\/wp-json\/wp\/v2\/types\/post"}],"author":[{"embeddable":true,"href":"https:\/\/www.masinterieur.nl\/en\/wp-json\/wp\/v2\/users\/11"}],"replies":[{"embeddable":true,"href":"https:\/\/www.masinterieur.nl\/en\/wp-json\/wp\/v2\/comments?post=12642"}],"version-history":[{"count":6,"href":"https:\/\/www.masinterieur.nl\/en\/wp-json\/wp\/v2\/posts\/12642\/revisions"}],"predecessor-version":[{"id":12649,"href":"https:\/\/www.masinterieur.nl\/en\/wp-json\/wp\/v2\/posts\/12642\/revisions\/12649"}],"wp:featuredmedia":[{"embeddable":true,"href":"https:\/\/www.masinterieur.nl\/en\/wp-json\/wp\/v2\/media\/12626"}],"wp:attachment":[{"href":"https:\/\/www.masinterieur.nl\/en\/wp-json\/wp\/v2\/media?parent=12642"}],"wp:term":[{"taxonomy":"category","embeddable":true,"href":"https:\/\/www.masinterieur.nl\/en\/wp-json\/wp\/v2\/categories?post=12642"},{"taxonomy":"post_tag","embeddable":true,"href":"https:\/\/www.masinterieur.nl\/en\/wp-json\/wp\/v2\/tags?post=12642"}],"curies":[{"name":"wp","href":"https:\/\/api.w.org\/{rel}","templated":true}]}}